{"id":1248,"date":"2019-01-09T09:22:55","date_gmt":"2019-01-09T07:22:55","guid":{"rendered":"https:\/\/elscamins.cat\/start-your-day-running-and-see-the-difference-in-a-week\/"},"modified":"2019-09-04T09:32:30","modified_gmt":"2019-09-04T07:32:30","slug":"deglucio-atipica-que-es-com-afecta-i-que-fer","status":"publish","type":"post","link":"https:\/\/elscamins.cat\/es\/deglucio-atipica-que-es-com-afecta-i-que-fer\/","title":{"rendered":"LA DEGLUCI\u00d3 AT\u00cdPICA: Qu\u00e8 \u00e9s, com afecta i qu\u00e8 cal fer."},"content":{"rendered":"<p>Cada vegada hi ha m\u00e9s consci\u00e8ncia de l\u2019exist\u00e8ncia d\u2019unes dificultats relacionades amb\u00a0una forma diferent o at\u00edpica de deglutir que pot ser la conseq\u00fc\u00e8ncia o la causa\u00a0d\u2019alteracions anat\u00f2miques que es poden donar tant en poblaci\u00f3 infantil com adulta.<!--more--><\/p>\n<p>Sovint els dentistes acostumen a ser els primers a detectar aquesta alteraci\u00f3 per\u00f2\u00a0creiem necessari donar a con\u00e8ixer determinats aspectes b\u00e0sics sobre aquesta\u00a0dificultat per afavorir una major sensibilitat a la poblaci\u00f3 i conseq\u00fcentment, una major\u00a0prevenci\u00f3 i atenci\u00f3 preco\u00e7 d\u2019aquesta.<\/p>\n<p>La degluci\u00f3 at\u00edpica forma part d\u2019un cont\u00ednuum de dificultats anat\u00f2miques i\/o funcionals\u00a0que afecten a les estructures orofacials i a les seves funcions. Consisteix en la posici\u00f3\u00a0i \u00fas inadequat de la llengua en l\u2019acte de la degluci\u00f3 exercint pressi\u00f3 anterior o lateral\u00a0de la llengua contra les arcades dent\u00e0ries (Zambrana i Dalva, 1998). Aix\u00ed doncs, una\u00a0de les caracter\u00edstiques m\u00e9s visibles per a detectar aquesta dificulta \u00e9s observar si\u00a0l\u2019infant o l\u2019adult en pressiona els incisius o es recolza contra a la seva cara posterior\u00a0efectuant una frontalitzaci\u00f3 de la llengua. Davant d\u2019aquesta dificultat, els logopedes\u00a0recomanem que s\u2019inici\u00ef un treball miofuncional amb la finalitat de millorar les\u00a0caracter\u00edstiques anat\u00f2miques i\/o fisiol\u00f2giques de les estructures que intervenen en\u00a0aquest proc\u00e9s, \u00e9s a dir: llavis, dents, llengua, mand\u00edbula, galtes i paladar.<\/p>\n<p>D\u2019altre banda, creiem important explicar que la degluci\u00f3 at\u00edpica \u00e9s un trastorn que es\u00a0pot presentar de forma a\u00efllada o amb altres dificultats associades com ara la respiraci\u00f3\u00a0bucal o dificultats en la producci\u00f3 de determinats sons de la parla, entre altres. A mode\u00a0d\u2019exemple, quan parl\u00e0vem de la frontalizaci\u00f3 de la llengua, sovint aquesta dificultat va\u00a0associada d\u2019un sigmatisme, en altres paraules, d\u2019una dificultat per a produir\u00a0correctament el fonema fricatiu sord \/s\/.<\/p>\n<p>Amb la finalitat de generar m\u00e9s consci\u00e8ncia sobre aquesta dificultat, a continuaci\u00f3\u00a0exposem les principals diferencies entre el correcte patr\u00f3 deglutori i la degluci\u00f3 at\u00edpica\u00a0per tal de facilitar la seva detecci\u00f3:<\/p>\n<p>1. Interposici\u00f3 lingual: col\u00b7locaci\u00f3 de la llengua en posici\u00f3 interdental o empenyent\u00a0contra la cara interior dels incisius en situaci\u00f3 de rep\u00f2s i\/o durant el proc\u00e9s de\u00a0degluci\u00f3.<\/p>\n<p>2. Contracci\u00f3 dels llavis: contracci\u00f3 excessiva de l\u2019orbicular dels llavis com a\u00a0compensaci\u00f3<\/p>\n<p>3. Fuita d\u2019aliments: al no realitzar un correcte tancament de la llengua contra les\u00a0arcades dent\u00e0ries i\/o labial \u00e9s f\u00e0cil que es puguin escapar aliments.<\/p>\n<p>4. Falta de contracci\u00f3 dels masseters: hi ha casos on la llengua en fixa en la\u00a0posici\u00f3 baixa i per conseq\u00fcent, no actua la musculatura elevadora de la\u00a0mand\u00edbula.<\/p>\n<p>5. Contracci\u00f3 del ment\u00f3: es produeix en l\u2019intent de sellar la cavitat oral i impedir la\u00a0fuita d\u2019aliment o b\u00e9, es relaciona amb una contracci\u00f3 del llavi inferior que busca\u00a0el contacte amb el superior.<\/p>\n<p>6. Moviments de coll: aquests, s\u2019associen a la mala masticaci\u00f3. Quan el bolus\u00a0est\u00e0 mal format la persona pot presentar dificultats per introduir-lo a l\u2019orofaringe\u00a0i per tant, fa moviments compensatoris d\u2019estirament del coll i\/o extensi\u00f3 de la\u00a0nuca per a compensar.<\/p>\n<p>7. Sorolls a l\u2019empassar: es produeixen quan hi ha un exc\u00e9s de for\u00e7a o contracci\u00f3\u00a0del dors lingual conta el paladar en el moment de la degluci\u00f3.<\/p>\n<p>8. Manteniment de residus d\u2019aliments a la boca despr\u00e9s d\u2019acabar la degluci\u00f3:\u00a0aquest fenomen \u00e9s causat per la hipotonia dels m\u00fasculs de les galtes.<\/p>\n<p>Recomanem que qualsevol persona que presenti aquesta dificultat rebi suport\u00a0logop\u00e8dic perqu\u00e8 aquesta pot interferir en el desenvolupament normal de la dentici\u00f3, la\u00a0parla i la salut aix\u00ed com afectar a l\u2019est\u00e8tica i al desenvolupament psicosocial (Hale,\u00a0Kellum i Gross, 1991). A m\u00e9s, el professional encarregat d\u2019aquesta intervenci\u00f3 \u00e9s\u00a0important que es mantingui coordinat amb altres servis externs com ara l\u2019odontol\u00f2gic\u00a0i\/o estomat\u00f2leg i mantenir un feedback constant amb les persones de l\u2019entorn pr\u00f2xim\u00a0perqu\u00e8 ajudin a generar consci\u00e8ncia de les dificultats i afavorir la consolidaci\u00f3 d\u2019un\u00a0correcte patr\u00f3 deglutori.<\/p>\n<p>Bibliografia:<\/p>\n<p>\uf0a7 Cervera, J. F., i Ygual, A. (2002). Gu\u00eda para la evaluaci\u00f3n de la degluci\u00f3n<\/p>\n<p>at\u00edpica. Cuadernos de Audici\u00f3n y Lenguaje, 3, 57-65.<\/p>\n<p>\uf0a7 Hale, S. Kellum, G. y Gross, A. (1991). Cranial facial structures: subtle<\/p>\n<p>differences. ASHA.<\/p>\n<p>\uf0a7 Zambrana Toledo Goz\u00e1lez, Nidia i Dalva Lopes (1998). Logopedia y ortopedia<\/p>\n<p>maxilar en la rehabilitaci\u00f3n orofacial. Masson.<\/p>\n<p>Imatge:\u00a0&lt;a href=\u2019http:\/\/www.freepik.es\/foto-gratis\/mujer-joven-broma-fresca-de-cerca_1012294.htm\u2019&gt;Designed by Freepik&lt;\/a&gt;<\/p>\n<p><em>Carla Cebri\u00e1n Marin,\u00a0Logopeda,\u00a0N\u00ba Col. 3.987<\/em><\/p>\n","protected":false},"excerpt":{"rendered":"<p>Cada vegada hi ha m\u00e9s consci\u00e8ncia de l\u2019exist\u00e8ncia d\u2019unes dificultats relacionades amb\u00a0una forma diferent o at\u00edpica de deglutir que pot ser la conseq\u00fc\u00e8ncia o la causa\u00a0d\u2019alteracions anat\u00f2miques que es poden donar tant en poblaci\u00f3 infantil com adulta.<\/p>\n","protected":false},"author":1,"featured_media":1033,"comment_status":"closed","ping_status":"closed","sticky":false,"template":"","format":"standard","meta":{"footnotes":""},"categories":[14],"tags":[15,16],"class_list":["post-1248","post","type-post","status-publish","format-standard","has-post-thumbnail","hentry","category-blog-es","tag-html-es","tag-uikit-es"],"yoast_head":"<!-- This site is optimized with the Yoast SEO plugin v27.4 - https:\/\/yoast.com\/product\/yoast-seo-wordpress\/ -->\n<title>LA DEGLUCI\u00d3 AT\u00cdPICA: Qu\u00e8 \u00e9s, com afecta i qu\u00e8 cal fer. - Els Camins<\/title>\n<meta name=\"robots\" content=\"index, follow, max-snippet:-1, max-image-preview:large, max-video-preview:-1\" \/>\n<link rel=\"canonical\" href=\"https:\/\/elscamins.cat\/es\/deglucio-atipica-que-es-com-afecta-i-que-fer\/\" \/>\n<meta property=\"og:locale\" content=\"es_ES\" \/>\n<meta property=\"og:type\" content=\"article\" \/>\n<meta property=\"og:title\" content=\"LA DEGLUCI\u00d3 AT\u00cdPICA: Qu\u00e8 \u00e9s, com afecta i qu\u00e8 cal fer. - Els Camins\" \/>\n<meta property=\"og:description\" content=\"Cada vegada hi ha m\u00e9s consci\u00e8ncia de l\u2019exist\u00e8ncia d\u2019unes dificultats relacionades amb\u00a0una forma diferent o at\u00edpica de deglutir que pot ser la conseq\u00fc\u00e8ncia o la causa\u00a0d\u2019alteracions anat\u00f2miques que es poden donar tant en poblaci\u00f3 infantil com adulta.\" \/>\n<meta property=\"og:url\" content=\"https:\/\/elscamins.cat\/es\/deglucio-atipica-que-es-com-afecta-i-que-fer\/\" \/>\n<meta property=\"og:site_name\" content=\"Els Camins\" \/>\n<meta property=\"article:publisher\" content=\"https:\/\/www.facebook.com\/caminslogopediaipsicologia\" \/>\n<meta property=\"article:published_time\" content=\"2019-01-09T07:22:55+00:00\" \/>\n<meta property=\"article:modified_time\" content=\"2019-09-04T07:32:30+00:00\" \/>\n<meta property=\"og:image\" content=\"https:\/\/elscamins.cat\/wp-content\/uploads\/deglucio-atipica.jpg\" \/>\n\t<meta property=\"og:image:width\" content=\"1173\" \/>\n\t<meta property=\"og:image:height\" content=\"587\" \/>\n\t<meta property=\"og:image:type\" content=\"image\/jpeg\" \/>\n<meta name=\"author\" content=\"dmolina\" \/>\n<meta name=\"twitter:card\" content=\"summary_large_image\" \/>\n<meta name=\"twitter:creator\" content=\"@caminspoblenou\" \/>\n<meta name=\"twitter:site\" content=\"@caminspoblenou\" \/>\n<meta name=\"twitter:label1\" content=\"Escrito por\" \/>\n\t<meta name=\"twitter:data1\" content=\"dmolina\" \/>\n\t<meta name=\"twitter:label2\" content=\"Tiempo de lectura\" \/>\n\t<meta name=\"twitter:data2\" content=\"4 minutos\" \/>\n<script type=\"application\/ld+json\" class=\"yoast-schema-graph\">{\"@context\":\"https:\\\/\\\/schema.org\",\"@graph\":[{\"@type\":\"Article\",\"@id\":\"https:\\\/\\\/elscamins.cat\\\/es\\\/deglucio-atipica-que-es-com-afecta-i-que-fer\\\/#article\",\"isPartOf\":{\"@id\":\"https:\\\/\\\/elscamins.cat\\\/es\\\/deglucio-atipica-que-es-com-afecta-i-que-fer\\\/\"},\"author\":{\"name\":\"dmolina\",\"@id\":\"https:\\\/\\\/elscamins.cat\\\/#\\\/schema\\\/person\\\/4c634e281bc5e19d9f38a1033c72d295\"},\"headline\":\"LA DEGLUCI\u00d3 AT\u00cdPICA: Qu\u00e8 \u00e9s, com afecta i qu\u00e8 cal fer.\",\"datePublished\":\"2019-01-09T07:22:55+00:00\",\"dateModified\":\"2019-09-04T07:32:30+00:00\",\"mainEntityOfPage\":{\"@id\":\"https:\\\/\\\/elscamins.cat\\\/es\\\/deglucio-atipica-que-es-com-afecta-i-que-fer\\\/\"},\"wordCount\":793,\"publisher\":{\"@id\":\"https:\\\/\\\/elscamins.cat\\\/#organization\"},\"image\":{\"@id\":\"https:\\\/\\\/elscamins.cat\\\/es\\\/deglucio-atipica-que-es-com-afecta-i-que-fer\\\/#primaryimage\"},\"thumbnailUrl\":\"https:\\\/\\\/elscamins.cat\\\/wp-content\\\/uploads\\\/deglucio-atipica.jpg\",\"keywords\":[\"HTML\",\"UIkit\"],\"articleSection\":[\"Blog\"],\"inLanguage\":\"es\"},{\"@type\":\"WebPage\",\"@id\":\"https:\\\/\\\/elscamins.cat\\\/es\\\/deglucio-atipica-que-es-com-afecta-i-que-fer\\\/\",\"url\":\"https:\\\/\\\/elscamins.cat\\\/es\\\/deglucio-atipica-que-es-com-afecta-i-que-fer\\\/\",\"name\":\"LA DEGLUCI\u00d3 AT\u00cdPICA: Qu\u00e8 \u00e9s, com afecta i qu\u00e8 cal fer. - Els Camins\",\"isPartOf\":{\"@id\":\"https:\\\/\\\/elscamins.cat\\\/#website\"},\"primaryImageOfPage\":{\"@id\":\"https:\\\/\\\/elscamins.cat\\\/es\\\/deglucio-atipica-que-es-com-afecta-i-que-fer\\\/#primaryimage\"},\"image\":{\"@id\":\"https:\\\/\\\/elscamins.cat\\\/es\\\/deglucio-atipica-que-es-com-afecta-i-que-fer\\\/#primaryimage\"},\"thumbnailUrl\":\"https:\\\/\\\/elscamins.cat\\\/wp-content\\\/uploads\\\/deglucio-atipica.jpg\",\"datePublished\":\"2019-01-09T07:22:55+00:00\",\"dateModified\":\"2019-09-04T07:32:30+00:00\",\"breadcrumb\":{\"@id\":\"https:\\\/\\\/elscamins.cat\\\/es\\\/deglucio-atipica-que-es-com-afecta-i-que-fer\\\/#breadcrumb\"},\"inLanguage\":\"es\",\"potentialAction\":[{\"@type\":\"ReadAction\",\"target\":[\"https:\\\/\\\/elscamins.cat\\\/es\\\/deglucio-atipica-que-es-com-afecta-i-que-fer\\\/\"]}]},{\"@type\":\"ImageObject\",\"inLanguage\":\"es\",\"@id\":\"https:\\\/\\\/elscamins.cat\\\/es\\\/deglucio-atipica-que-es-com-afecta-i-que-fer\\\/#primaryimage\",\"url\":\"https:\\\/\\\/elscamins.cat\\\/wp-content\\\/uploads\\\/deglucio-atipica.jpg\",\"contentUrl\":\"https:\\\/\\\/elscamins.cat\\\/wp-content\\\/uploads\\\/deglucio-atipica.jpg\",\"width\":1173,\"height\":587,\"caption\":\"deglucio atipica\"},{\"@type\":\"BreadcrumbList\",\"@id\":\"https:\\\/\\\/elscamins.cat\\\/es\\\/deglucio-atipica-que-es-com-afecta-i-que-fer\\\/#breadcrumb\",\"itemListElement\":[{\"@type\":\"ListItem\",\"position\":1,\"name\":\"Inici\",\"item\":\"https:\\\/\\\/elscamins.cat\\\/es\\\/\"},{\"@type\":\"ListItem\",\"position\":2,\"name\":\"LA DEGLUCI\u00d3 AT\u00cdPICA: Qu\u00e8 \u00e9s, com afecta i qu\u00e8 cal fer.\"}]},{\"@type\":\"WebSite\",\"@id\":\"https:\\\/\\\/elscamins.cat\\\/#website\",\"url\":\"https:\\\/\\\/elscamins.cat\\\/\",\"name\":\"Els Camins\",\"description\":\"Logop\u00e8dia, Psicologia i Dificultats d\u2019Aprenentatge\",\"publisher\":{\"@id\":\"https:\\\/\\\/elscamins.cat\\\/#organization\"},\"potentialAction\":[{\"@type\":\"SearchAction\",\"target\":{\"@type\":\"EntryPoint\",\"urlTemplate\":\"https:\\\/\\\/elscamins.cat\\\/?s={search_term_string}\"},\"query-input\":{\"@type\":\"PropertyValueSpecification\",\"valueRequired\":true,\"valueName\":\"search_term_string\"}}],\"inLanguage\":\"es\"},{\"@type\":\"Organization\",\"@id\":\"https:\\\/\\\/elscamins.cat\\\/#organization\",\"name\":\"Els Camins\",\"url\":\"https:\\\/\\\/elscamins.cat\\\/\",\"logo\":{\"@type\":\"ImageObject\",\"inLanguage\":\"es\",\"@id\":\"https:\\\/\\\/elscamins.cat\\\/#\\\/schema\\\/logo\\\/image\\\/\",\"url\":\"https:\\\/\\\/elscamins.cat\\\/wp-content\\\/uploads\\\/LOGO-HRZ-CAMINS_V2-02-6c4d3568.webp\",\"contentUrl\":\"https:\\\/\\\/elscamins.cat\\\/wp-content\\\/uploads\\\/LOGO-HRZ-CAMINS_V2-02-6c4d3568.webp\",\"width\":300,\"height\":109,\"caption\":\"Els Camins\"},\"image\":{\"@id\":\"https:\\\/\\\/elscamins.cat\\\/#\\\/schema\\\/logo\\\/image\\\/\"},\"sameAs\":[\"https:\\\/\\\/www.facebook.com\\\/caminslogopediaipsicologia\",\"https:\\\/\\\/x.com\\\/caminspoblenou\",\"https:\\\/\\\/www.instagram.com\\\/els_camins\\\/\"]},{\"@type\":\"Person\",\"@id\":\"https:\\\/\\\/elscamins.cat\\\/#\\\/schema\\\/person\\\/4c634e281bc5e19d9f38a1033c72d295\",\"name\":\"dmolina\",\"image\":{\"@type\":\"ImageObject\",\"inLanguage\":\"es\",\"@id\":\"https:\\\/\\\/secure.gravatar.com\\\/avatar\\\/cfb09c61e6bbdb64565dd8d35e0a31b76a05ab78bf5a6a04d1781b14820239a4?s=96&d=mm&r=g\",\"url\":\"https:\\\/\\\/secure.gravatar.com\\\/avatar\\\/cfb09c61e6bbdb64565dd8d35e0a31b76a05ab78bf5a6a04d1781b14820239a4?s=96&d=mm&r=g\",\"contentUrl\":\"https:\\\/\\\/secure.gravatar.com\\\/avatar\\\/cfb09c61e6bbdb64565dd8d35e0a31b76a05ab78bf5a6a04d1781b14820239a4?s=96&d=mm&r=g\",\"caption\":\"dmolina\"},\"url\":\"https:\\\/\\\/elscamins.cat\\\/es\\\/author\\\/dmolina\\\/\"}]}<\/script>\n<!-- \/ Yoast SEO plugin. -->","yoast_head_json":{"title":"LA DEGLUCI\u00d3 AT\u00cdPICA: Qu\u00e8 \u00e9s, com afecta i qu\u00e8 cal fer. - Els Camins","robots":{"index":"index","follow":"follow","max-snippet":"max-snippet:-1","max-image-preview":"max-image-preview:large","max-video-preview":"max-video-preview:-1"},"canonical":"https:\/\/elscamins.cat\/es\/deglucio-atipica-que-es-com-afecta-i-que-fer\/","og_locale":"es_ES","og_type":"article","og_title":"LA DEGLUCI\u00d3 AT\u00cdPICA: Qu\u00e8 \u00e9s, com afecta i qu\u00e8 cal fer. - Els Camins","og_description":"Cada vegada hi ha m\u00e9s consci\u00e8ncia de l\u2019exist\u00e8ncia d\u2019unes dificultats relacionades amb\u00a0una forma diferent o at\u00edpica de deglutir que pot ser la conseq\u00fc\u00e8ncia o la causa\u00a0d\u2019alteracions anat\u00f2miques que es poden donar tant en poblaci\u00f3 infantil com adulta.","og_url":"https:\/\/elscamins.cat\/es\/deglucio-atipica-que-es-com-afecta-i-que-fer\/","og_site_name":"Els Camins","article_publisher":"https:\/\/www.facebook.com\/caminslogopediaipsicologia","article_published_time":"2019-01-09T07:22:55+00:00","article_modified_time":"2019-09-04T07:32:30+00:00","og_image":[{"width":1173,"height":587,"url":"https:\/\/elscamins.cat\/wp-content\/uploads\/deglucio-atipica.jpg","type":"image\/jpeg"}],"author":"dmolina","twitter_card":"summary_large_image","twitter_creator":"@caminspoblenou","twitter_site":"@caminspoblenou","twitter_misc":{"Escrito por":"dmolina","Tiempo de lectura":"4 minutos"},"schema":{"@context":"https:\/\/schema.org","@graph":[{"@type":"Article","@id":"https:\/\/elscamins.cat\/es\/deglucio-atipica-que-es-com-afecta-i-que-fer\/#article","isPartOf":{"@id":"https:\/\/elscamins.cat\/es\/deglucio-atipica-que-es-com-afecta-i-que-fer\/"},"author":{"name":"dmolina","@id":"https:\/\/elscamins.cat\/#\/schema\/person\/4c634e281bc5e19d9f38a1033c72d295"},"headline":"LA DEGLUCI\u00d3 AT\u00cdPICA: Qu\u00e8 \u00e9s, com afecta i qu\u00e8 cal fer.","datePublished":"2019-01-09T07:22:55+00:00","dateModified":"2019-09-04T07:32:30+00:00","mainEntityOfPage":{"@id":"https:\/\/elscamins.cat\/es\/deglucio-atipica-que-es-com-afecta-i-que-fer\/"},"wordCount":793,"publisher":{"@id":"https:\/\/elscamins.cat\/#organization"},"image":{"@id":"https:\/\/elscamins.cat\/es\/deglucio-atipica-que-es-com-afecta-i-que-fer\/#primaryimage"},"thumbnailUrl":"https:\/\/elscamins.cat\/wp-content\/uploads\/deglucio-atipica.jpg","keywords":["HTML","UIkit"],"articleSection":["Blog"],"inLanguage":"es"},{"@type":"WebPage","@id":"https:\/\/elscamins.cat\/es\/deglucio-atipica-que-es-com-afecta-i-que-fer\/","url":"https:\/\/elscamins.cat\/es\/deglucio-atipica-que-es-com-afecta-i-que-fer\/","name":"LA DEGLUCI\u00d3 AT\u00cdPICA: Qu\u00e8 \u00e9s, com afecta i qu\u00e8 cal fer. - Els Camins","isPartOf":{"@id":"https:\/\/elscamins.cat\/#website"},"primaryImageOfPage":{"@id":"https:\/\/elscamins.cat\/es\/deglucio-atipica-que-es-com-afecta-i-que-fer\/#primaryimage"},"image":{"@id":"https:\/\/elscamins.cat\/es\/deglucio-atipica-que-es-com-afecta-i-que-fer\/#primaryimage"},"thumbnailUrl":"https:\/\/elscamins.cat\/wp-content\/uploads\/deglucio-atipica.jpg","datePublished":"2019-01-09T07:22:55+00:00","dateModified":"2019-09-04T07:32:30+00:00","breadcrumb":{"@id":"https:\/\/elscamins.cat\/es\/deglucio-atipica-que-es-com-afecta-i-que-fer\/#breadcrumb"},"inLanguage":"es","potentialAction":[{"@type":"ReadAction","target":["https:\/\/elscamins.cat\/es\/deglucio-atipica-que-es-com-afecta-i-que-fer\/"]}]},{"@type":"ImageObject","inLanguage":"es","@id":"https:\/\/elscamins.cat\/es\/deglucio-atipica-que-es-com-afecta-i-que-fer\/#primaryimage","url":"https:\/\/elscamins.cat\/wp-content\/uploads\/deglucio-atipica.jpg","contentUrl":"https:\/\/elscamins.cat\/wp-content\/uploads\/deglucio-atipica.jpg","width":1173,"height":587,"caption":"deglucio atipica"},{"@type":"BreadcrumbList","@id":"https:\/\/elscamins.cat\/es\/deglucio-atipica-que-es-com-afecta-i-que-fer\/#breadcrumb","itemListElement":[{"@type":"ListItem","position":1,"name":"Inici","item":"https:\/\/elscamins.cat\/es\/"},{"@type":"ListItem","position":2,"name":"LA DEGLUCI\u00d3 AT\u00cdPICA: Qu\u00e8 \u00e9s, com afecta i qu\u00e8 cal fer."}]},{"@type":"WebSite","@id":"https:\/\/elscamins.cat\/#website","url":"https:\/\/elscamins.cat\/","name":"Els Camins","description":"Logop\u00e8dia, Psicologia i Dificultats d\u2019Aprenentatge","publisher":{"@id":"https:\/\/elscamins.cat\/#organization"},"potentialAction":[{"@type":"SearchAction","target":{"@type":"EntryPoint","urlTemplate":"https:\/\/elscamins.cat\/?s={search_term_string}"},"query-input":{"@type":"PropertyValueSpecification","valueRequired":true,"valueName":"search_term_string"}}],"inLanguage":"es"},{"@type":"Organization","@id":"https:\/\/elscamins.cat\/#organization","name":"Els Camins","url":"https:\/\/elscamins.cat\/","logo":{"@type":"ImageObject","inLanguage":"es","@id":"https:\/\/elscamins.cat\/#\/schema\/logo\/image\/","url":"https:\/\/elscamins.cat\/wp-content\/uploads\/LOGO-HRZ-CAMINS_V2-02-6c4d3568.webp","contentUrl":"https:\/\/elscamins.cat\/wp-content\/uploads\/LOGO-HRZ-CAMINS_V2-02-6c4d3568.webp","width":300,"height":109,"caption":"Els Camins"},"image":{"@id":"https:\/\/elscamins.cat\/#\/schema\/logo\/image\/"},"sameAs":["https:\/\/www.facebook.com\/caminslogopediaipsicologia","https:\/\/x.com\/caminspoblenou","https:\/\/www.instagram.com\/els_camins\/"]},{"@type":"Person","@id":"https:\/\/elscamins.cat\/#\/schema\/person\/4c634e281bc5e19d9f38a1033c72d295","name":"dmolina","image":{"@type":"ImageObject","inLanguage":"es","@id":"https:\/\/secure.gravatar.com\/avatar\/cfb09c61e6bbdb64565dd8d35e0a31b76a05ab78bf5a6a04d1781b14820239a4?s=96&d=mm&r=g","url":"https:\/\/secure.gravatar.com\/avatar\/cfb09c61e6bbdb64565dd8d35e0a31b76a05ab78bf5a6a04d1781b14820239a4?s=96&d=mm&r=g","contentUrl":"https:\/\/secure.gravatar.com\/avatar\/cfb09c61e6bbdb64565dd8d35e0a31b76a05ab78bf5a6a04d1781b14820239a4?s=96&d=mm&r=g","caption":"dmolina"},"url":"https:\/\/elscamins.cat\/es\/author\/dmolina\/"}]}},"_links":{"self":[{"href":"https:\/\/elscamins.cat\/es\/wp-json\/wp\/v2\/posts\/1248","targetHints":{"allow":["GET"]}}],"collection":[{"href":"https:\/\/elscamins.cat\/es\/wp-json\/wp\/v2\/posts"}],"about":[{"href":"https:\/\/elscamins.cat\/es\/wp-json\/wp\/v2\/types\/post"}],"author":[{"embeddable":true,"href":"https:\/\/elscamins.cat\/es\/wp-json\/wp\/v2\/users\/1"}],"replies":[{"embeddable":true,"href":"https:\/\/elscamins.cat\/es\/wp-json\/wp\/v2\/comments?post=1248"}],"version-history":[{"count":0,"href":"https:\/\/elscamins.cat\/es\/wp-json\/wp\/v2\/posts\/1248\/revisions"}],"wp:featuredmedia":[{"embeddable":true,"href":"https:\/\/elscamins.cat\/es\/wp-json\/wp\/v2\/media\/1033"}],"wp:attachment":[{"href":"https:\/\/elscamins.cat\/es\/wp-json\/wp\/v2\/media?parent=1248"}],"wp:term":[{"taxonomy":"category","embeddable":true,"href":"https:\/\/elscamins.cat\/es\/wp-json\/wp\/v2\/categories?post=1248"},{"taxonomy":"post_tag","embeddable":true,"href":"https:\/\/elscamins.cat\/es\/wp-json\/wp\/v2\/tags?post=1248"}],"curies":[{"name":"wp","href":"https:\/\/api.w.org\/{rel}","templated":true}]}}