{"id":1251,"date":"2019-03-04T09:22:55","date_gmt":"2019-03-04T07:22:55","guid":{"rendered":"https:\/\/elscamins.cat\/your-nioh-studio-benefits\/"},"modified":"2019-03-07T19:09:11","modified_gmt":"2019-03-07T17:09:11","slug":"quin-es-ordre-en-adquisicio-dels-sons","status":"publish","type":"post","link":"https:\/\/elscamins.cat\/es\/quin-es-ordre-en-adquisicio-dels-sons\/","title":{"rendered":"Quin \u00e9s l&#8217;ordre en l&#8217;adquisici\u00f3 dels sons?"},"content":{"rendered":"\n<p>En el moment del naixement, els nadons estan preparats per a l\u2019adquisici\u00f3 de qualsevol llengua i \u00e9s a mesura que es submergeixen en el que ser\u00e0 el seu ambient ling\u00fc\u00edstic que comencen a discriminar els fonemes que formaran part, a partir de llavors, del seu repertori fon\u00e8tic.<\/p>\n\n\n\n<!--more-->\n\n\n\n<p>Al voltant del tercer mes de vida, els nadons comencen a experimentar amb la seva pr\u00f2pia veu i apareixen les primeres vocalitzacions, normalment acostuma a ser la vocal \/a\/ amb sons velars com la \/g\/ i aix\u00ed van experimentant fins al voltant de l\u2019any de vida on sorgeixen les primeres paraules amb intencionalitat comunicativa. Les primeres consonants a apar\u00e8ixer despr\u00e9s de la \/g\/ acostumen a ser les bilabials com la \/p\/, la \/m\/. A partir d\u2019aqu\u00ed comen\u00e7a l\u2019etapa verbal, on a part d\u2019anar ampliant el seu vocabulari, comencen a comprendre les primeres ordres senzilles i el significat del concepte \u201cno\u201d. Al voltant dels dos anys l\u2019infant hauria d\u2019haver incorporat al seu repertori fon\u00e8tic totes les vocals i sons com: \/k\/, \/b\/, \/d\/ o la \/t\/.<\/p>\n\n\n\n<p>Entre els 2 i 3 anys entrem en la denominada explosi\u00f3 del llenguatge on amplien molt vocabulari i comencen a combinar 3 o 4 paraules per formar les primeres frases. I a m\u00e9s afegeixen al seu repertori fon\u00e8tic sons m\u00e9s complexos com poden ser: \/f\/, \/n\/, \/ny\/, \/l\/ o la \/s\/. Aqu\u00ed les persones que no s\u00f3n del cercle familiar comencen a entendre gaireb\u00e9 tot el que l\u2019infant diu. \u00c9s molt important durant aquestes edats parar especial atenci\u00f3 a les otitis i problemes relacionats amb l\u2019audici\u00f3, ja que, com hem vist, \u00e9s durant els tres primer anys de vida que el nostre infant anir\u00e0 discriminant i adquirint tot el seu repertori fon\u00e8tic. Si durant aquest per\u00edode l\u2019infant est\u00e0 rebent est\u00edmuls auditius distorsionats, aix\u00f2 li podria dificultar o alterar la seva correcta integraci\u00f3.<\/p>\n\n\n\n<p>Per \u00faltim, no ser\u00e0 fins als 6 o 7 anys que l\u2019infant haur\u00e0 incorporat tots els fonemes propis de la nostra llengua, on els que m\u00e9s triguen a incorporar-se acostumen a ser la \/r\/ forta, la \/ll\/ o la \/z\/. Ja que acostumen a ser els que requereixen moviments linguals m\u00e9s complexos.<\/p>\n\n\n\n<p>Des de la nostra professi\u00f3 animem al fet que davant de qualsevol signe d\u2019alerta o endarreriment que s\u2019observi, la fam\u00edlia consulti als professionals d\u2019aquest \u00e0mbit per tal que puguin valorar i orientar sobre quin pot ser el tractament m\u00e9s adient.<\/p>\n\n\n\n<p>\n\nFont Imatge:&lt;a href=\u2019http:\/\/www.freepik.es\/foto-gratis\/nina-pequena-con-sombrero-rosa-hablando-por-telefono_1011721.htm\u2019&gt;Designed by Freepik&lt;\/a&gt;\n\n<\/p>\n","protected":false},"excerpt":{"rendered":"<p>En el moment del naixement, els nadons estan preparats per a l\u2019adquisici\u00f3 de qualsevol llengua i \u00e9s a mesura que es submergeixen en el que ser\u00e0 el seu ambient ling\u00fc\u00edstic que comencen a discriminar els fonemes que formaran part, a partir de llavors, del seu repertori fon\u00e8tic.<\/p>\n","protected":false},"author":1,"featured_media":1032,"comment_status":"closed","ping_status":"closed","sticky":false,"template":"","format":"standard","meta":{"footnotes":""},"categories":[14],"tags":[7,17,4,16],"class_list":["post-1251","post","type-post","status-publish","format-standard","has-post-thumbnail","hentry","category-blog-es","tag-css","tag-css-es","tag-uikit","tag-uikit-es"],"yoast_head":"<!-- This site is optimized with the Yoast SEO plugin v27.4 - https:\/\/yoast.com\/product\/yoast-seo-wordpress\/ -->\n<title>Quin \u00e9s l&#039;ordre en l&#039;adquisici\u00f3 dels sons? - Els Camins<\/title>\n<meta name=\"robots\" content=\"index, follow, max-snippet:-1, max-image-preview:large, max-video-preview:-1\" \/>\n<link rel=\"canonical\" href=\"https:\/\/elscamins.cat\/es\/quin-es-ordre-en-adquisicio-dels-sons\/\" \/>\n<meta property=\"og:locale\" content=\"es_ES\" \/>\n<meta property=\"og:type\" content=\"article\" \/>\n<meta property=\"og:title\" content=\"Quin \u00e9s l&#039;ordre en l&#039;adquisici\u00f3 dels sons? - Els Camins\" \/>\n<meta property=\"og:description\" content=\"En el moment del naixement, els nadons estan preparats per a l\u2019adquisici\u00f3 de qualsevol llengua i \u00e9s a mesura que es submergeixen en el que ser\u00e0 el seu ambient ling\u00fc\u00edstic que comencen a discriminar els fonemes que formaran part, a partir de llavors, del seu repertori fon\u00e8tic.\" \/>\n<meta property=\"og:url\" content=\"https:\/\/elscamins.cat\/es\/quin-es-ordre-en-adquisicio-dels-sons\/\" \/>\n<meta property=\"og:site_name\" content=\"Els Camins\" \/>\n<meta property=\"article:publisher\" content=\"https:\/\/www.facebook.com\/caminslogopediaipsicologia\" \/>\n<meta property=\"article:published_time\" content=\"2019-03-04T07:22:55+00:00\" \/>\n<meta property=\"article:modified_time\" content=\"2019-03-07T17:09:11+00:00\" \/>\n<meta property=\"og:image\" content=\"https:\/\/elscamins.cat\/wp-content\/uploads\/adquisicio-dels-sons.jpg\" \/>\n\t<meta property=\"og:image:width\" content=\"1173\" \/>\n\t<meta property=\"og:image:height\" content=\"587\" \/>\n\t<meta property=\"og:image:type\" content=\"image\/jpeg\" \/>\n<meta name=\"author\" content=\"dmolina\" \/>\n<meta name=\"twitter:card\" content=\"summary_large_image\" \/>\n<meta name=\"twitter:creator\" content=\"@caminspoblenou\" \/>\n<meta name=\"twitter:site\" content=\"@caminspoblenou\" \/>\n<meta name=\"twitter:label1\" content=\"Escrito por\" \/>\n\t<meta name=\"twitter:data1\" content=\"dmolina\" \/>\n\t<meta name=\"twitter:label2\" content=\"Tiempo de lectura\" \/>\n\t<meta name=\"twitter:data2\" content=\"2 minutos\" \/>\n<script type=\"application\/ld+json\" class=\"yoast-schema-graph\">{\"@context\":\"https:\\\/\\\/schema.org\",\"@graph\":[{\"@type\":\"Article\",\"@id\":\"https:\\\/\\\/elscamins.cat\\\/es\\\/quin-es-ordre-en-adquisicio-dels-sons\\\/#article\",\"isPartOf\":{\"@id\":\"https:\\\/\\\/elscamins.cat\\\/es\\\/quin-es-ordre-en-adquisicio-dels-sons\\\/\"},\"author\":{\"name\":\"dmolina\",\"@id\":\"https:\\\/\\\/elscamins.cat\\\/#\\\/schema\\\/person\\\/4c634e281bc5e19d9f38a1033c72d295\"},\"headline\":\"Quin \u00e9s l&#8217;ordre en l&#8217;adquisici\u00f3 dels sons?\",\"datePublished\":\"2019-03-04T07:22:55+00:00\",\"dateModified\":\"2019-03-07T17:09:11+00:00\",\"mainEntityOfPage\":{\"@id\":\"https:\\\/\\\/elscamins.cat\\\/es\\\/quin-es-ordre-en-adquisicio-dels-sons\\\/\"},\"wordCount\":450,\"publisher\":{\"@id\":\"https:\\\/\\\/elscamins.cat\\\/#organization\"},\"image\":{\"@id\":\"https:\\\/\\\/elscamins.cat\\\/es\\\/quin-es-ordre-en-adquisicio-dels-sons\\\/#primaryimage\"},\"thumbnailUrl\":\"https:\\\/\\\/elscamins.cat\\\/wp-content\\\/uploads\\\/adquisicio-dels-sons.jpg\",\"keywords\":[\"CSS\",\"CSS\",\"UIkit\",\"UIkit\"],\"articleSection\":[\"Blog\"],\"inLanguage\":\"es\"},{\"@type\":\"WebPage\",\"@id\":\"https:\\\/\\\/elscamins.cat\\\/es\\\/quin-es-ordre-en-adquisicio-dels-sons\\\/\",\"url\":\"https:\\\/\\\/elscamins.cat\\\/es\\\/quin-es-ordre-en-adquisicio-dels-sons\\\/\",\"name\":\"Quin \u00e9s l'ordre en l'adquisici\u00f3 dels sons? - Els Camins\",\"isPartOf\":{\"@id\":\"https:\\\/\\\/elscamins.cat\\\/#website\"},\"primaryImageOfPage\":{\"@id\":\"https:\\\/\\\/elscamins.cat\\\/es\\\/quin-es-ordre-en-adquisicio-dels-sons\\\/#primaryimage\"},\"image\":{\"@id\":\"https:\\\/\\\/elscamins.cat\\\/es\\\/quin-es-ordre-en-adquisicio-dels-sons\\\/#primaryimage\"},\"thumbnailUrl\":\"https:\\\/\\\/elscamins.cat\\\/wp-content\\\/uploads\\\/adquisicio-dels-sons.jpg\",\"datePublished\":\"2019-03-04T07:22:55+00:00\",\"dateModified\":\"2019-03-07T17:09:11+00:00\",\"breadcrumb\":{\"@id\":\"https:\\\/\\\/elscamins.cat\\\/es\\\/quin-es-ordre-en-adquisicio-dels-sons\\\/#breadcrumb\"},\"inLanguage\":\"es\",\"potentialAction\":[{\"@type\":\"ReadAction\",\"target\":[\"https:\\\/\\\/elscamins.cat\\\/es\\\/quin-es-ordre-en-adquisicio-dels-sons\\\/\"]}]},{\"@type\":\"ImageObject\",\"inLanguage\":\"es\",\"@id\":\"https:\\\/\\\/elscamins.cat\\\/es\\\/quin-es-ordre-en-adquisicio-dels-sons\\\/#primaryimage\",\"url\":\"https:\\\/\\\/elscamins.cat\\\/wp-content\\\/uploads\\\/adquisicio-dels-sons.jpg\",\"contentUrl\":\"https:\\\/\\\/elscamins.cat\\\/wp-content\\\/uploads\\\/adquisicio-dels-sons.jpg\",\"width\":1173,\"height\":587,\"caption\":\"Adquisici\u00f3 dels sons\"},{\"@type\":\"BreadcrumbList\",\"@id\":\"https:\\\/\\\/elscamins.cat\\\/es\\\/quin-es-ordre-en-adquisicio-dels-sons\\\/#breadcrumb\",\"itemListElement\":[{\"@type\":\"ListItem\",\"position\":1,\"name\":\"Inici\",\"item\":\"https:\\\/\\\/elscamins.cat\\\/es\\\/\"},{\"@type\":\"ListItem\",\"position\":2,\"name\":\"Quin \u00e9s l&#8217;ordre en l&#8217;adquisici\u00f3 dels sons?\"}]},{\"@type\":\"WebSite\",\"@id\":\"https:\\\/\\\/elscamins.cat\\\/#website\",\"url\":\"https:\\\/\\\/elscamins.cat\\\/\",\"name\":\"Els Camins\",\"description\":\"Logop\u00e8dia, Psicologia i Dificultats d\u2019Aprenentatge\",\"publisher\":{\"@id\":\"https:\\\/\\\/elscamins.cat\\\/#organization\"},\"potentialAction\":[{\"@type\":\"SearchAction\",\"target\":{\"@type\":\"EntryPoint\",\"urlTemplate\":\"https:\\\/\\\/elscamins.cat\\\/?s={search_term_string}\"},\"query-input\":{\"@type\":\"PropertyValueSpecification\",\"valueRequired\":true,\"valueName\":\"search_term_string\"}}],\"inLanguage\":\"es\"},{\"@type\":\"Organization\",\"@id\":\"https:\\\/\\\/elscamins.cat\\\/#organization\",\"name\":\"Els Camins\",\"url\":\"https:\\\/\\\/elscamins.cat\\\/\",\"logo\":{\"@type\":\"ImageObject\",\"inLanguage\":\"es\",\"@id\":\"https:\\\/\\\/elscamins.cat\\\/#\\\/schema\\\/logo\\\/image\\\/\",\"url\":\"https:\\\/\\\/elscamins.cat\\\/wp-content\\\/uploads\\\/LOGO-HRZ-CAMINS_V2-02-6c4d3568.webp\",\"contentUrl\":\"https:\\\/\\\/elscamins.cat\\\/wp-content\\\/uploads\\\/LOGO-HRZ-CAMINS_V2-02-6c4d3568.webp\",\"width\":300,\"height\":109,\"caption\":\"Els Camins\"},\"image\":{\"@id\":\"https:\\\/\\\/elscamins.cat\\\/#\\\/schema\\\/logo\\\/image\\\/\"},\"sameAs\":[\"https:\\\/\\\/www.facebook.com\\\/caminslogopediaipsicologia\",\"https:\\\/\\\/x.com\\\/caminspoblenou\",\"https:\\\/\\\/www.instagram.com\\\/els_camins\\\/\"]},{\"@type\":\"Person\",\"@id\":\"https:\\\/\\\/elscamins.cat\\\/#\\\/schema\\\/person\\\/4c634e281bc5e19d9f38a1033c72d295\",\"name\":\"dmolina\",\"image\":{\"@type\":\"ImageObject\",\"inLanguage\":\"es\",\"@id\":\"https:\\\/\\\/secure.gravatar.com\\\/avatar\\\/cfb09c61e6bbdb64565dd8d35e0a31b76a05ab78bf5a6a04d1781b14820239a4?s=96&d=mm&r=g\",\"url\":\"https:\\\/\\\/secure.gravatar.com\\\/avatar\\\/cfb09c61e6bbdb64565dd8d35e0a31b76a05ab78bf5a6a04d1781b14820239a4?s=96&d=mm&r=g\",\"contentUrl\":\"https:\\\/\\\/secure.gravatar.com\\\/avatar\\\/cfb09c61e6bbdb64565dd8d35e0a31b76a05ab78bf5a6a04d1781b14820239a4?s=96&d=mm&r=g\",\"caption\":\"dmolina\"},\"url\":\"https:\\\/\\\/elscamins.cat\\\/es\\\/author\\\/dmolina\\\/\"}]}<\/script>\n<!-- \/ Yoast SEO plugin. -->","yoast_head_json":{"title":"Quin \u00e9s l'ordre en l'adquisici\u00f3 dels sons? - Els Camins","robots":{"index":"index","follow":"follow","max-snippet":"max-snippet:-1","max-image-preview":"max-image-preview:large","max-video-preview":"max-video-preview:-1"},"canonical":"https:\/\/elscamins.cat\/es\/quin-es-ordre-en-adquisicio-dels-sons\/","og_locale":"es_ES","og_type":"article","og_title":"Quin \u00e9s l'ordre en l'adquisici\u00f3 dels sons? - Els Camins","og_description":"En el moment del naixement, els nadons estan preparats per a l\u2019adquisici\u00f3 de qualsevol llengua i \u00e9s a mesura que es submergeixen en el que ser\u00e0 el seu ambient ling\u00fc\u00edstic que comencen a discriminar els fonemes que formaran part, a partir de llavors, del seu repertori fon\u00e8tic.","og_url":"https:\/\/elscamins.cat\/es\/quin-es-ordre-en-adquisicio-dels-sons\/","og_site_name":"Els Camins","article_publisher":"https:\/\/www.facebook.com\/caminslogopediaipsicologia","article_published_time":"2019-03-04T07:22:55+00:00","article_modified_time":"2019-03-07T17:09:11+00:00","og_image":[{"width":1173,"height":587,"url":"https:\/\/elscamins.cat\/wp-content\/uploads\/adquisicio-dels-sons.jpg","type":"image\/jpeg"}],"author":"dmolina","twitter_card":"summary_large_image","twitter_creator":"@caminspoblenou","twitter_site":"@caminspoblenou","twitter_misc":{"Escrito por":"dmolina","Tiempo de lectura":"2 minutos"},"schema":{"@context":"https:\/\/schema.org","@graph":[{"@type":"Article","@id":"https:\/\/elscamins.cat\/es\/quin-es-ordre-en-adquisicio-dels-sons\/#article","isPartOf":{"@id":"https:\/\/elscamins.cat\/es\/quin-es-ordre-en-adquisicio-dels-sons\/"},"author":{"name":"dmolina","@id":"https:\/\/elscamins.cat\/#\/schema\/person\/4c634e281bc5e19d9f38a1033c72d295"},"headline":"Quin \u00e9s l&#8217;ordre en l&#8217;adquisici\u00f3 dels sons?","datePublished":"2019-03-04T07:22:55+00:00","dateModified":"2019-03-07T17:09:11+00:00","mainEntityOfPage":{"@id":"https:\/\/elscamins.cat\/es\/quin-es-ordre-en-adquisicio-dels-sons\/"},"wordCount":450,"publisher":{"@id":"https:\/\/elscamins.cat\/#organization"},"image":{"@id":"https:\/\/elscamins.cat\/es\/quin-es-ordre-en-adquisicio-dels-sons\/#primaryimage"},"thumbnailUrl":"https:\/\/elscamins.cat\/wp-content\/uploads\/adquisicio-dels-sons.jpg","keywords":["CSS","CSS","UIkit","UIkit"],"articleSection":["Blog"],"inLanguage":"es"},{"@type":"WebPage","@id":"https:\/\/elscamins.cat\/es\/quin-es-ordre-en-adquisicio-dels-sons\/","url":"https:\/\/elscamins.cat\/es\/quin-es-ordre-en-adquisicio-dels-sons\/","name":"Quin \u00e9s l'ordre en l'adquisici\u00f3 dels sons? - Els Camins","isPartOf":{"@id":"https:\/\/elscamins.cat\/#website"},"primaryImageOfPage":{"@id":"https:\/\/elscamins.cat\/es\/quin-es-ordre-en-adquisicio-dels-sons\/#primaryimage"},"image":{"@id":"https:\/\/elscamins.cat\/es\/quin-es-ordre-en-adquisicio-dels-sons\/#primaryimage"},"thumbnailUrl":"https:\/\/elscamins.cat\/wp-content\/uploads\/adquisicio-dels-sons.jpg","datePublished":"2019-03-04T07:22:55+00:00","dateModified":"2019-03-07T17:09:11+00:00","breadcrumb":{"@id":"https:\/\/elscamins.cat\/es\/quin-es-ordre-en-adquisicio-dels-sons\/#breadcrumb"},"inLanguage":"es","potentialAction":[{"@type":"ReadAction","target":["https:\/\/elscamins.cat\/es\/quin-es-ordre-en-adquisicio-dels-sons\/"]}]},{"@type":"ImageObject","inLanguage":"es","@id":"https:\/\/elscamins.cat\/es\/quin-es-ordre-en-adquisicio-dels-sons\/#primaryimage","url":"https:\/\/elscamins.cat\/wp-content\/uploads\/adquisicio-dels-sons.jpg","contentUrl":"https:\/\/elscamins.cat\/wp-content\/uploads\/adquisicio-dels-sons.jpg","width":1173,"height":587,"caption":"Adquisici\u00f3 dels sons"},{"@type":"BreadcrumbList","@id":"https:\/\/elscamins.cat\/es\/quin-es-ordre-en-adquisicio-dels-sons\/#breadcrumb","itemListElement":[{"@type":"ListItem","position":1,"name":"Inici","item":"https:\/\/elscamins.cat\/es\/"},{"@type":"ListItem","position":2,"name":"Quin \u00e9s l&#8217;ordre en l&#8217;adquisici\u00f3 dels sons?"}]},{"@type":"WebSite","@id":"https:\/\/elscamins.cat\/#website","url":"https:\/\/elscamins.cat\/","name":"Els Camins","description":"Logop\u00e8dia, Psicologia i Dificultats d\u2019Aprenentatge","publisher":{"@id":"https:\/\/elscamins.cat\/#organization"},"potentialAction":[{"@type":"SearchAction","target":{"@type":"EntryPoint","urlTemplate":"https:\/\/elscamins.cat\/?s={search_term_string}"},"query-input":{"@type":"PropertyValueSpecification","valueRequired":true,"valueName":"search_term_string"}}],"inLanguage":"es"},{"@type":"Organization","@id":"https:\/\/elscamins.cat\/#organization","name":"Els Camins","url":"https:\/\/elscamins.cat\/","logo":{"@type":"ImageObject","inLanguage":"es","@id":"https:\/\/elscamins.cat\/#\/schema\/logo\/image\/","url":"https:\/\/elscamins.cat\/wp-content\/uploads\/LOGO-HRZ-CAMINS_V2-02-6c4d3568.webp","contentUrl":"https:\/\/elscamins.cat\/wp-content\/uploads\/LOGO-HRZ-CAMINS_V2-02-6c4d3568.webp","width":300,"height":109,"caption":"Els Camins"},"image":{"@id":"https:\/\/elscamins.cat\/#\/schema\/logo\/image\/"},"sameAs":["https:\/\/www.facebook.com\/caminslogopediaipsicologia","https:\/\/x.com\/caminspoblenou","https:\/\/www.instagram.com\/els_camins\/"]},{"@type":"Person","@id":"https:\/\/elscamins.cat\/#\/schema\/person\/4c634e281bc5e19d9f38a1033c72d295","name":"dmolina","image":{"@type":"ImageObject","inLanguage":"es","@id":"https:\/\/secure.gravatar.com\/avatar\/cfb09c61e6bbdb64565dd8d35e0a31b76a05ab78bf5a6a04d1781b14820239a4?s=96&d=mm&r=g","url":"https:\/\/secure.gravatar.com\/avatar\/cfb09c61e6bbdb64565dd8d35e0a31b76a05ab78bf5a6a04d1781b14820239a4?s=96&d=mm&r=g","contentUrl":"https:\/\/secure.gravatar.com\/avatar\/cfb09c61e6bbdb64565dd8d35e0a31b76a05ab78bf5a6a04d1781b14820239a4?s=96&d=mm&r=g","caption":"dmolina"},"url":"https:\/\/elscamins.cat\/es\/author\/dmolina\/"}]}},"_links":{"self":[{"href":"https:\/\/elscamins.cat\/es\/wp-json\/wp\/v2\/posts\/1251","targetHints":{"allow":["GET"]}}],"collection":[{"href":"https:\/\/elscamins.cat\/es\/wp-json\/wp\/v2\/posts"}],"about":[{"href":"https:\/\/elscamins.cat\/es\/wp-json\/wp\/v2\/types\/post"}],"author":[{"embeddable":true,"href":"https:\/\/elscamins.cat\/es\/wp-json\/wp\/v2\/users\/1"}],"replies":[{"embeddable":true,"href":"https:\/\/elscamins.cat\/es\/wp-json\/wp\/v2\/comments?post=1251"}],"version-history":[{"count":0,"href":"https:\/\/elscamins.cat\/es\/wp-json\/wp\/v2\/posts\/1251\/revisions"}],"wp:featuredmedia":[{"embeddable":true,"href":"https:\/\/elscamins.cat\/es\/wp-json\/wp\/v2\/media\/1032"}],"wp:attachment":[{"href":"https:\/\/elscamins.cat\/es\/wp-json\/wp\/v2\/media?parent=1251"}],"wp:term":[{"taxonomy":"category","embeddable":true,"href":"https:\/\/elscamins.cat\/es\/wp-json\/wp\/v2\/categories?post=1251"},{"taxonomy":"post_tag","embeddable":true,"href":"https:\/\/elscamins.cat\/es\/wp-json\/wp\/v2\/tags?post=1251"}],"curies":[{"name":"wp","href":"https:\/\/api.w.org\/{rel}","templated":true}]}}